{"id":840,"date":"2010-02-09T17:47:40","date_gmt":"2010-02-09T16:47:40","guid":{"rendered":"https:\/\/juliencoquet.com\/?p=840"},"modified":"2019-03-25T15:18:03","modified_gmt":"2019-03-25T14:18:03","slug":"premier-sommet-emetrics-france-a-paris-les-15-et-16-juin-2010","status":"publish","type":"post","link":"https:\/\/juliencoquet.com\/fr\/2010\/02\/09\/premier-sommet-emetrics-france-a-paris-les-15-et-16-juin-2010\/","title":{"rendered":"Premier sommet eMetrics France \u00e0 Paris les 15 et 16 juin 2010"},"content":{"rendered":"<p><a href=\"https:\/\/www.emetrics.org\/paris\/\"><img loading=\"lazy\" decoding=\"async\" src=\"\/\/emetrics.org\/paris\/header_paris.jpg\" alt=\"eMetrics Marketing Optimization Summit Paris\" width=\"607\" height=\"86\"><\/a><\/p>\n<p><strong>MISE A JOUR : <a href=\"\/?p=1138\">le concours de haiku eMetrics est lanc\u00e9 pour l\u2019\u00e9dition de Paris 2011<\/a>!<\/strong><\/p>\n<p>Bonjour \u00e0 toutes et \u00e0 tous,<a href=\"https:\/\/juliencoquet.com\/wp-content\/uploads\/2010\/02\/logo_emetrics.png\"><img loading=\"lazy\" decoding=\"async\" class=\"alignright size-full wp-image-845\" title=\"logo sommet emetrics\" src=\"\/\/juliencoquet.com\/wp-content\/uploads\/2010\/02\/logo_emetrics.png\" alt=\"\" width=\"262\" height=\"107\"><\/a><\/p>\n<p>l&rsquo;organisation du <a href=\"https:\/\/www.emetrics.org\">sommet eMetrics<\/a> Paris (une premi\u00e8re en France) avance \u00e0 grands pas!<\/p>\n<p>Cet \u00e9v\u00e8nement aura lieu les 15 et 16 juin \u00e0 Paris dans le cadre prestigieux de <a href=\"https:\/\/www1.hilton.com\/fr\/hi\/hotel\/PARDTHI-Hilton-Arc-de-Triomphe-Paris-hotel\/index.do\">l&rsquo;H\u00f4tel Hilton Arc de Triomphe<\/a>.<\/p>\n<p>Le sommet eMetrics est une s\u00e9rie de conf\u00e9rences qui ont lieu au niveau mondial (San Jos\u00e9, Londres, Stockholm, Munich, Madrid, Toronto, Sa\u00f5 Paulo, Sydney, Washington).<\/p>\n<p>C&rsquo;est l&rsquo;occasion de rencontrer des pointures des web analytics, des \u00e9diteurs, des consultants, des utilisateurs et leurs \u00e9tudes de cas!<\/p>\n<p>Ce sera aussi une occasion pour la Web Analytics Association de se mettre en valeur en France.<\/p>\n<p>N&rsquo;oubliez pas qu&rsquo;une adh\u00e9sion \u00e0 la WAA vous donnera droit \u00e0 une r\u00e9duction substantielle sur le billet d&rsquo;entr\u00e9e \u00e0 l&rsquo;\u00e9v\u00e8nement!<\/p>\n<p>Comme j&rsquo;aide <a href=\"https:\/\/emetrics.wordpress.com\/\">Jim Sterne<\/a> et son \u00e9quipe \u00e0 organiser le sommet et son contenu, je vous invite \u00e0 r\u00e9agir ici sur les points suivants:<\/p>\n<ul>\n<li>sujets que vous aimeriez voir abord\u00e9s<\/li>\n<li>si vous souhaitez participer en tant que visiteur ou en tant qu&rsquo;exposant<\/li>\n<li>si votre entreprise souhaite pr\u00e9senter une \u00e9tude de cas<\/li>\n<li>si votre entreprise souhaite pr\u00e9senter un produit ou un service ayant trait aux web analytics<\/li>\n<\/ul>\n<p>En marge de ce sommet de deux jours, vous pourrez aussi participer \u00e0 3 formations anim\u00e9es par <a href=\"https:\/\/www.hub-sales.fr\">Hub&rsquo;Sales<\/a>:<\/p>\n<ul>\n<li>Introduction aux web analytics<\/li>\n<li>Google Analytics d\u00e9butants<\/li>\n<li>Google Analytics avanc\u00e9<\/li>\n<\/ul>\n<p><strong>Int\u00e9ress\u00e9(e)? Contactez moi!<\/strong><\/p>\n<p>[contact-form 3 \u00ab\u00a0eMetrics Paris 2010\u00a0\u00bb]<\/p>\n","protected":false},"excerpt":{"rendered":"<p>MISE A JOUR : le concours de haiku eMetrics est lanc\u00e9 pour l\u2019\u00e9dition de Paris 2011! Bonjour \u00e0 toutes et \u00e0 tous, l&rsquo;organisation du sommet eMetrics Paris (une premi\u00e8re en France) avance \u00e0 grands pas! Cet \u00e9v\u00e8nement aura lieu les 15 et 16 juin \u00e0 Paris dans le cadre prestigieux de l&rsquo;H\u00f4tel Hilton Arc de [&hellip;]<\/p>\n","protected":false},"author":2,"featured_media":0,"comment_status":"open","ping_status":"open","sticky":false,"template":"","format":"standard","meta":{"_locale":"fr_FR","_original_post":"840","footnotes":""},"categories":[],"tags":[],"class_list":["post-840","post","type-post","status-publish","format-standard","hentry","fr-FR"],"yoast_head":"<!-- This site is optimized with the Yoast SEO plugin v27.5 - https:\/\/yoast.com\/product\/yoast-seo-wordpress\/ -->\n<title>Premier sommet eMetrics France \u00e0 Paris les 15 et 16 juin 2010 - Julien Coquet<\/title>\n<meta name=\"robots\" content=\"index, follow, max-snippet:-1, max-image-preview:large, max-video-preview:-1\" \/>\n<link rel=\"canonical\" href=\"https:\/\/juliencoquet.com\/fr\/2010\/02\/09\/premier-sommet-emetrics-france-a-paris-les-15-et-16-juin-2010\/\" \/>\n<meta property=\"og:locale\" content=\"fr_FR\" \/>\n<meta property=\"og:type\" content=\"article\" \/>\n<meta property=\"og:title\" content=\"Premier sommet eMetrics France \u00e0 Paris les 15 et 16 juin 2010 - Julien Coquet\" \/>\n<meta property=\"og:description\" content=\"MISE A JOUR : le concours de haiku eMetrics est lanc\u00e9 pour l\u2019\u00e9dition de Paris 2011! Bonjour \u00e0 toutes et \u00e0 tous, l&rsquo;organisation du sommet eMetrics Paris (une premi\u00e8re en France) avance \u00e0 grands pas! Cet \u00e9v\u00e8nement aura lieu les 15 et 16 juin \u00e0 Paris dans le cadre prestigieux de l&rsquo;H\u00f4tel Hilton Arc de [&hellip;]\" \/>\n<meta property=\"og:url\" content=\"https:\/\/juliencoquet.com\/fr\/2010\/02\/09\/premier-sommet-emetrics-france-a-paris-les-15-et-16-juin-2010\/\" \/>\n<meta property=\"og:site_name\" content=\"Julien Coquet\" \/>\n<meta property=\"article:published_time\" content=\"2010-02-09T16:47:40+00:00\" \/>\n<meta property=\"article:modified_time\" content=\"2019-03-25T14:18:03+00:00\" \/>\n<meta name=\"twitter:card\" content=\"summary_large_image\" \/>\n<meta name=\"twitter:label1\" content=\"\u00c9crit par\" \/>\n\t<meta name=\"twitter:data1\" content=\"\" \/>\n\t<meta name=\"twitter:label2\" content=\"Dur\u00e9e de lecture estim\u00e9e\" \/>\n\t<meta name=\"twitter:data2\" content=\"1 minute\" \/>\n<script type=\"application\/ld+json\" class=\"yoast-schema-graph\">{\"@context\":\"https:\\\/\\\/schema.org\",\"@graph\":[{\"@type\":\"Article\",\"@id\":\"https:\\\/\\\/juliencoquet.com\\\/fr\\\/2010\\\/02\\\/09\\\/premier-sommet-emetrics-france-a-paris-les-15-et-16-juin-2010\\\/#article\",\"isPartOf\":{\"@id\":\"https:\\\/\\\/juliencoquet.com\\\/fr\\\/2010\\\/02\\\/09\\\/premier-sommet-emetrics-france-a-paris-les-15-et-16-juin-2010\\\/\"},\"author\":{\"name\":\"\",\"@id\":\"\"},\"headline\":\"Premier sommet eMetrics France \u00e0 Paris les 15 et 16 juin 2010\",\"datePublished\":\"2010-02-09T16:47:40+00:00\",\"dateModified\":\"2019-03-25T14:18:03+00:00\",\"mainEntityOfPage\":{\"@id\":\"https:\\\/\\\/juliencoquet.com\\\/fr\\\/2010\\\/02\\\/09\\\/premier-sommet-emetrics-france-a-paris-les-15-et-16-juin-2010\\\/\"},\"wordCount\":260,\"commentCount\":0,\"publisher\":{\"@id\":\"https:\\\/\\\/juliencoquet.com\\\/#\\\/schema\\\/person\\\/16345764b7c7529e428e37fd635ed8ea\"},\"inLanguage\":\"fr-FR\",\"potentialAction\":[{\"@type\":\"CommentAction\",\"name\":\"Comment\",\"target\":[\"https:\\\/\\\/juliencoquet.com\\\/fr\\\/2010\\\/02\\\/09\\\/premier-sommet-emetrics-france-a-paris-les-15-et-16-juin-2010\\\/#respond\"]}]},{\"@type\":\"WebPage\",\"@id\":\"https:\\\/\\\/juliencoquet.com\\\/fr\\\/2010\\\/02\\\/09\\\/premier-sommet-emetrics-france-a-paris-les-15-et-16-juin-2010\\\/\",\"url\":\"https:\\\/\\\/juliencoquet.com\\\/fr\\\/2010\\\/02\\\/09\\\/premier-sommet-emetrics-france-a-paris-les-15-et-16-juin-2010\\\/\",\"name\":\"Premier sommet eMetrics France \u00e0 Paris les 15 et 16 juin 2010 - Julien Coquet\",\"isPartOf\":{\"@id\":\"https:\\\/\\\/juliencoquet.com\\\/#website\"},\"datePublished\":\"2010-02-09T16:47:40+00:00\",\"dateModified\":\"2019-03-25T14:18:03+00:00\",\"breadcrumb\":{\"@id\":\"https:\\\/\\\/juliencoquet.com\\\/fr\\\/2010\\\/02\\\/09\\\/premier-sommet-emetrics-france-a-paris-les-15-et-16-juin-2010\\\/#breadcrumb\"},\"inLanguage\":\"fr-FR\",\"potentialAction\":[{\"@type\":\"ReadAction\",\"target\":[\"https:\\\/\\\/juliencoquet.com\\\/fr\\\/2010\\\/02\\\/09\\\/premier-sommet-emetrics-france-a-paris-les-15-et-16-juin-2010\\\/\"]}]},{\"@type\":\"BreadcrumbList\",\"@id\":\"https:\\\/\\\/juliencoquet.com\\\/fr\\\/2010\\\/02\\\/09\\\/premier-sommet-emetrics-france-a-paris-les-15-et-16-juin-2010\\\/#breadcrumb\",\"itemListElement\":[{\"@type\":\"ListItem\",\"position\":1,\"name\":\"Home\",\"item\":\"https:\\\/\\\/juliencoquet.com\\\/\"},{\"@type\":\"ListItem\",\"position\":2,\"name\":\"Premier sommet eMetrics France \u00e0 Paris les 15 et 16 juin 2010\"}]},{\"@type\":\"WebSite\",\"@id\":\"https:\\\/\\\/juliencoquet.com\\\/#website\",\"url\":\"https:\\\/\\\/juliencoquet.com\\\/\",\"name\":\"Julien Coquet\",\"description\":\"\",\"publisher\":{\"@id\":\"https:\\\/\\\/juliencoquet.com\\\/#\\\/schema\\\/person\\\/16345764b7c7529e428e37fd635ed8ea\"},\"potentialAction\":[{\"@type\":\"SearchAction\",\"target\":{\"@type\":\"EntryPoint\",\"urlTemplate\":\"https:\\\/\\\/juliencoquet.com\\\/?s={search_term_string}\"},\"query-input\":{\"@type\":\"PropertyValueSpecification\",\"valueRequired\":true,\"valueName\":\"search_term_string\"}}],\"inLanguage\":\"fr-FR\"},{\"@type\":[\"Person\",\"Organization\"],\"@id\":\"https:\\\/\\\/juliencoquet.com\\\/#\\\/schema\\\/person\\\/16345764b7c7529e428e37fd635ed8ea\",\"name\":\"julien\",\"image\":{\"@type\":\"ImageObject\",\"inLanguage\":\"fr-FR\",\"@id\":\"https:\\\/\\\/juliencoquet.com\\\/wp-content\\\/uploads\\\/2026\\\/02\\\/julien-coquet-expert-analytics-consultant.jpg\",\"url\":\"https:\\\/\\\/juliencoquet.com\\\/wp-content\\\/uploads\\\/2026\\\/02\\\/julien-coquet-expert-analytics-consultant.jpg\",\"contentUrl\":\"https:\\\/\\\/juliencoquet.com\\\/wp-content\\\/uploads\\\/2026\\\/02\\\/julien-coquet-expert-analytics-consultant.jpg\",\"width\":576,\"height\":576,\"caption\":\"julien\"},\"logo\":{\"@id\":\"https:\\\/\\\/juliencoquet.com\\\/wp-content\\\/uploads\\\/2026\\\/02\\\/julien-coquet-expert-analytics-consultant.jpg\"},\"sameAs\":[\"https:\\\/\\\/juliencoquet.com\"]},{\"@type\":\"Person\",\"@id\":\"\",\"url\":\"https:\\\/\\\/juliencoquet.com\\\/author\\\/\"}]}<\/script>\n<!-- \/ Yoast SEO plugin. -->","yoast_head_json":{"title":"Premier sommet eMetrics France \u00e0 Paris les 15 et 16 juin 2010 - Julien Coquet","robots":{"index":"index","follow":"follow","max-snippet":"max-snippet:-1","max-image-preview":"max-image-preview:large","max-video-preview":"max-video-preview:-1"},"canonical":"https:\/\/juliencoquet.com\/fr\/2010\/02\/09\/premier-sommet-emetrics-france-a-paris-les-15-et-16-juin-2010\/","og_locale":"fr_FR","og_type":"article","og_title":"Premier sommet eMetrics France \u00e0 Paris les 15 et 16 juin 2010 - Julien Coquet","og_description":"MISE A JOUR : le concours de haiku eMetrics est lanc\u00e9 pour l\u2019\u00e9dition de Paris 2011! Bonjour \u00e0 toutes et \u00e0 tous, l&rsquo;organisation du sommet eMetrics Paris (une premi\u00e8re en France) avance \u00e0 grands pas! Cet \u00e9v\u00e8nement aura lieu les 15 et 16 juin \u00e0 Paris dans le cadre prestigieux de l&rsquo;H\u00f4tel Hilton Arc de [&hellip;]","og_url":"https:\/\/juliencoquet.com\/fr\/2010\/02\/09\/premier-sommet-emetrics-france-a-paris-les-15-et-16-juin-2010\/","og_site_name":"Julien Coquet","article_published_time":"2010-02-09T16:47:40+00:00","article_modified_time":"2019-03-25T14:18:03+00:00","twitter_card":"summary_large_image","twitter_misc":{"\u00c9crit par":"","Dur\u00e9e de lecture estim\u00e9e":"1 minute"},"schema":{"@context":"https:\/\/schema.org","@graph":[{"@type":"Article","@id":"https:\/\/juliencoquet.com\/fr\/2010\/02\/09\/premier-sommet-emetrics-france-a-paris-les-15-et-16-juin-2010\/#article","isPartOf":{"@id":"https:\/\/juliencoquet.com\/fr\/2010\/02\/09\/premier-sommet-emetrics-france-a-paris-les-15-et-16-juin-2010\/"},"author":{"name":"","@id":""},"headline":"Premier sommet eMetrics France \u00e0 Paris les 15 et 16 juin 2010","datePublished":"2010-02-09T16:47:40+00:00","dateModified":"2019-03-25T14:18:03+00:00","mainEntityOfPage":{"@id":"https:\/\/juliencoquet.com\/fr\/2010\/02\/09\/premier-sommet-emetrics-france-a-paris-les-15-et-16-juin-2010\/"},"wordCount":260,"commentCount":0,"publisher":{"@id":"https:\/\/juliencoquet.com\/#\/schema\/person\/16345764b7c7529e428e37fd635ed8ea"},"inLanguage":"fr-FR","potentialAction":[{"@type":"CommentAction","name":"Comment","target":["https:\/\/juliencoquet.com\/fr\/2010\/02\/09\/premier-sommet-emetrics-france-a-paris-les-15-et-16-juin-2010\/#respond"]}]},{"@type":"WebPage","@id":"https:\/\/juliencoquet.com\/fr\/2010\/02\/09\/premier-sommet-emetrics-france-a-paris-les-15-et-16-juin-2010\/","url":"https:\/\/juliencoquet.com\/fr\/2010\/02\/09\/premier-sommet-emetrics-france-a-paris-les-15-et-16-juin-2010\/","name":"Premier sommet eMetrics France \u00e0 Paris les 15 et 16 juin 2010 - Julien Coquet","isPartOf":{"@id":"https:\/\/juliencoquet.com\/#website"},"datePublished":"2010-02-09T16:47:40+00:00","dateModified":"2019-03-25T14:18:03+00:00","breadcrumb":{"@id":"https:\/\/juliencoquet.com\/fr\/2010\/02\/09\/premier-sommet-emetrics-france-a-paris-les-15-et-16-juin-2010\/#breadcrumb"},"inLanguage":"fr-FR","potentialAction":[{"@type":"ReadAction","target":["https:\/\/juliencoquet.com\/fr\/2010\/02\/09\/premier-sommet-emetrics-france-a-paris-les-15-et-16-juin-2010\/"]}]},{"@type":"BreadcrumbList","@id":"https:\/\/juliencoquet.com\/fr\/2010\/02\/09\/premier-sommet-emetrics-france-a-paris-les-15-et-16-juin-2010\/#breadcrumb","itemListElement":[{"@type":"ListItem","position":1,"name":"Home","item":"https:\/\/juliencoquet.com\/"},{"@type":"ListItem","position":2,"name":"Premier sommet eMetrics France \u00e0 Paris les 15 et 16 juin 2010"}]},{"@type":"WebSite","@id":"https:\/\/juliencoquet.com\/#website","url":"https:\/\/juliencoquet.com\/","name":"Julien Coquet","description":"","publisher":{"@id":"https:\/\/juliencoquet.com\/#\/schema\/person\/16345764b7c7529e428e37fd635ed8ea"},"potentialAction":[{"@type":"SearchAction","target":{"@type":"EntryPoint","urlTemplate":"https:\/\/juliencoquet.com\/?s={search_term_string}"},"query-input":{"@type":"PropertyValueSpecification","valueRequired":true,"valueName":"search_term_string"}}],"inLanguage":"fr-FR"},{"@type":["Person","Organization"],"@id":"https:\/\/juliencoquet.com\/#\/schema\/person\/16345764b7c7529e428e37fd635ed8ea","name":"julien","image":{"@type":"ImageObject","inLanguage":"fr-FR","@id":"https:\/\/juliencoquet.com\/wp-content\/uploads\/2026\/02\/julien-coquet-expert-analytics-consultant.jpg","url":"https:\/\/juliencoquet.com\/wp-content\/uploads\/2026\/02\/julien-coquet-expert-analytics-consultant.jpg","contentUrl":"https:\/\/juliencoquet.com\/wp-content\/uploads\/2026\/02\/julien-coquet-expert-analytics-consultant.jpg","width":576,"height":576,"caption":"julien"},"logo":{"@id":"https:\/\/juliencoquet.com\/wp-content\/uploads\/2026\/02\/julien-coquet-expert-analytics-consultant.jpg"},"sameAs":["https:\/\/juliencoquet.com"]},{"@type":"Person","@id":"","url":"https:\/\/juliencoquet.com\/author\/"}]}},"_links":{"self":[{"href":"https:\/\/juliencoquet.com\/wp-json\/wp\/v2\/posts\/840","targetHints":{"allow":["GET"]}}],"collection":[{"href":"https:\/\/juliencoquet.com\/wp-json\/wp\/v2\/posts"}],"about":[{"href":"https:\/\/juliencoquet.com\/wp-json\/wp\/v2\/types\/post"}],"author":[{"embeddable":true,"href":"https:\/\/juliencoquet.com\/wp-json\/wp\/v2\/users\/2"}],"replies":[{"embeddable":true,"href":"https:\/\/juliencoquet.com\/wp-json\/wp\/v2\/comments?post=840"}],"version-history":[{"count":0,"href":"https:\/\/juliencoquet.com\/wp-json\/wp\/v2\/posts\/840\/revisions"}],"wp:attachment":[{"href":"https:\/\/juliencoquet.com\/wp-json\/wp\/v2\/media?parent=840"}],"wp:term":[{"taxonomy":"category","embeddable":true,"href":"https:\/\/juliencoquet.com\/wp-json\/wp\/v2\/categories?post=840"},{"taxonomy":"post_tag","embeddable":true,"href":"https:\/\/juliencoquet.com\/wp-json\/wp\/v2\/tags?post=840"}],"curies":[{"name":"wp","href":"https:\/\/api.w.org\/{rel}","templated":true}]}}