{"id":781,"date":"2009-09-25T13:23:00","date_gmt":"2009-09-25T11:23:00","guid":{"rendered":"https:\/\/juliencoquet.com\/?p=781"},"modified":"2009-09-25T16:00:19","modified_gmt":"2009-09-25T14:00:19","slug":"mercredi-des-web-analytics-le-14-octobre-a-lille","status":"publish","type":"post","link":"https:\/\/juliencoquet.com\/fr\/2009\/09\/25\/mercredi-des-web-analytics-le-14-octobre-a-lille\/","title":{"rendered":"Mercredi des Web Analytics le 14 octobre \u00e0 Lille"},"content":{"rendered":"<p>Dans la s\u00e9rie des Mercredi des Web Analytics, je vous propose de nous retrouver <strong>le 14 octobre \u00e0 Lille<\/strong>!<\/p>\n<p>La rencontre se fera au sein du <strong><a href=\"https:\/\/www.vad-ecommerce.com\/\">salon VAD eCommerce de Lille<\/a><\/strong> (qui lui ne <a href=\"https:\/\/blog.thelia.fr\/index.php?2009\/09\/24\/291-thelia-ne-sera-pas-au-salon-e-commerce-paris-2009\">blackliste pas ses visiteurs<\/a>), dans la salle de conf\u00e9rence #4 \u00e0 Lille Grand Palais<strong> \u00e0 18 heures pr\u00e9cises<\/strong> (accueil des participants d\u00e8s 17 h 30).<\/p>\n<p><a href=\"https:\/\/www.lillegrandpalais.com\/\" target=\"_blank\">Lille Grand Palais<\/a> est situ\u00e9 1, Boulevard des Cit\u00e9s-Unies \u00e0 Lille, \u00e0 5 minutes \u00e0 pied des gares TGV Lille Flandres et Lille Europe.<\/p>\n<p>Ce sera l&rsquo;occasion pour mes coll\u00e8gues et confr\u00e8res <a href=\"https:\/\/www.nicolasmalo.Com\">Nicolas Malo<\/a> et <a href=\"https:\/\/www.waomarketing.com\/blogFR\/wordpress\/2009\/09\/bientot-disponible-web-analytics-mesurer-le-succes-et-maximiser-les-profits-de-votre-site-web\/\">Jacques Warren<\/a> de lancer leur <a href=\"https:\/\/www.webanalyticsprofits.com\/\">livre en fran\u00e7ais sur les web analytics<\/a>: <strong>\u00ab\u00a0Web Analytics : mesurer le succ\u00e8s et maximiser les profits de votre site Web\u00a0\u00bb<\/strong><\/p>\n<p>La rencontre est sponsoris\u00e9e par <a href=\"https:\/\/www.vad-ecommerce.com\/site\/FR\/Visiter\/Tout_sur_les_exposants\/Liste_des_exposants_2009\/Recherche_de_participants\/HUB_SALES,C1526,I1526,OfBlockId-5150,Zoom-f1911401d70297d31ff5ebf81c56dbd8,ChangeDisplayMode-zoom.htm?KM_Session=e95a40b1f111db13c67bf0a32c0f4f01\">Hub&rsquo;Sales, qui sera pr\u00e9sent au stand B27 du salon<\/a>.<\/p>\n<p><strong>INSCRIPTION:<\/strong><\/p>\n<p>pour des raisons d&rsquo;organisation et de logistique, merci de vous inscrire sur l&rsquo;un de ces sites:<\/p>\n<ul>\n<li><a href=\"https:\/\/www.facebook.com\/event.php?eid=150040419621\">le groupe Facebook<\/a>,<\/li>\n<li><a href=\"https:\/\/www.webanalyticsdemystified.com\/wednesday\/index.asp?event_city=Lille\">le site d&rsquo;Eric Peterson<\/a>,<\/li>\n<li><a href=\"https:\/\/events.linkedin.com\/Mercredi-des-Web-Analytics-Web-Analytics\/pub\/118776\" target=\"_blank\">LinkedIn<\/a>,<\/li>\n<li><a href=\"https:\/\/www.viadeo.com\/fr\/event\/006c7nvndnfmuky\/mercredi-des-web-analytics-web-analytics-wednesday-at-lille\" target=\"_blank\">Viadeo<\/a><\/li>\n<\/ul>\n<p>Plus d&rsquo;informations:<\/p>\n<ul>\n<li><a href=\"https:\/\/www.nicolasmalo.com\/web_analytics_ecommerce_f\/2009\/09\/prochain-mercredi-des-web-analytics-a-lille-le-14-octobre-avec-jacques-warren-canada-et-matt-bailey-usa.html\">Nicolas Malo<\/a><\/li>\n<li><a href=\"https:\/\/www.vad-ecommerce.com\/\">Salon VAD eCommerce<\/a><\/li>\n<li><a href=\"https:\/\/www.hub-sales.com\">Hub&rsquo;Sales<\/a><\/li>\n<\/ul>\n","protected":false},"excerpt":{"rendered":"<p>Dans la s\u00e9rie des Mercredi des Web Analytics, je vous propose de nous retrouver le 14 octobre \u00e0 Lille! La rencontre se fera au sein du salon VAD eCommerce de Lille (qui lui ne blackliste pas ses visiteurs), dans la salle de conf\u00e9rence #4 \u00e0 Lille Grand Palais \u00e0 18 heures pr\u00e9cises (accueil des participants [&hellip;]<\/p>\n","protected":false},"author":2,"featured_media":0,"comment_status":"open","ping_status":"open","sticky":false,"template":"","format":"standard","meta":{"_locale":"fr_FR","_original_post":"","footnotes":""},"categories":[],"tags":[],"class_list":["post-781","post","type-post","status-publish","format-standard","hentry","fr-FR"],"yoast_head":"<!-- This site is optimized with the Yoast SEO plugin v27.5 - https:\/\/yoast.com\/product\/yoast-seo-wordpress\/ -->\n<title>Mercredi des Web Analytics le 14 octobre \u00e0 Lille - Julien Coquet<\/title>\n<meta name=\"robots\" content=\"index, follow, max-snippet:-1, max-image-preview:large, max-video-preview:-1\" \/>\n<link rel=\"canonical\" href=\"https:\/\/juliencoquet.com\/fr\/2009\/09\/25\/mercredi-des-web-analytics-le-14-octobre-a-lille\/\" \/>\n<meta property=\"og:locale\" content=\"fr_FR\" \/>\n<meta property=\"og:type\" content=\"article\" \/>\n<meta property=\"og:title\" content=\"Mercredi des Web Analytics le 14 octobre \u00e0 Lille - Julien Coquet\" \/>\n<meta property=\"og:description\" content=\"Dans la s\u00e9rie des Mercredi des Web Analytics, je vous propose de nous retrouver le 14 octobre \u00e0 Lille! La rencontre se fera au sein du salon VAD eCommerce de Lille (qui lui ne blackliste pas ses visiteurs), dans la salle de conf\u00e9rence #4 \u00e0 Lille Grand Palais \u00e0 18 heures pr\u00e9cises (accueil des participants [&hellip;]\" \/>\n<meta property=\"og:url\" content=\"https:\/\/juliencoquet.com\/fr\/2009\/09\/25\/mercredi-des-web-analytics-le-14-octobre-a-lille\/\" \/>\n<meta property=\"og:site_name\" content=\"Julien Coquet\" \/>\n<meta property=\"article:published_time\" content=\"2009-09-25T11:23:00+00:00\" \/>\n<meta property=\"article:modified_time\" content=\"2009-09-25T14:00:19+00:00\" \/>\n<meta name=\"twitter:card\" content=\"summary_large_image\" \/>\n<meta name=\"twitter:label1\" content=\"\u00c9crit par\" \/>\n\t<meta name=\"twitter:data1\" content=\"\" \/>\n\t<meta name=\"twitter:label2\" content=\"Dur\u00e9e de lecture estim\u00e9e\" \/>\n\t<meta name=\"twitter:data2\" content=\"1 minute\" \/>\n<script type=\"application\/ld+json\" class=\"yoast-schema-graph\">{\"@context\":\"https:\\\/\\\/schema.org\",\"@graph\":[{\"@type\":\"Article\",\"@id\":\"https:\\\/\\\/juliencoquet.com\\\/fr\\\/2009\\\/09\\\/25\\\/mercredi-des-web-analytics-le-14-octobre-a-lille\\\/#article\",\"isPartOf\":{\"@id\":\"https:\\\/\\\/juliencoquet.com\\\/fr\\\/2009\\\/09\\\/25\\\/mercredi-des-web-analytics-le-14-octobre-a-lille\\\/\"},\"author\":{\"name\":\"\",\"@id\":\"\"},\"headline\":\"Mercredi des Web Analytics le 14 octobre \u00e0 Lille\",\"datePublished\":\"2009-09-25T11:23:00+00:00\",\"dateModified\":\"2009-09-25T14:00:19+00:00\",\"mainEntityOfPage\":{\"@id\":\"https:\\\/\\\/juliencoquet.com\\\/fr\\\/2009\\\/09\\\/25\\\/mercredi-des-web-analytics-le-14-octobre-a-lille\\\/\"},\"wordCount\":179,\"commentCount\":2,\"publisher\":{\"@id\":\"https:\\\/\\\/juliencoquet.com\\\/#\\\/schema\\\/person\\\/16345764b7c7529e428e37fd635ed8ea\"},\"inLanguage\":\"fr-FR\",\"potentialAction\":[{\"@type\":\"CommentAction\",\"name\":\"Comment\",\"target\":[\"https:\\\/\\\/juliencoquet.com\\\/fr\\\/2009\\\/09\\\/25\\\/mercredi-des-web-analytics-le-14-octobre-a-lille\\\/#respond\"]}]},{\"@type\":\"WebPage\",\"@id\":\"https:\\\/\\\/juliencoquet.com\\\/fr\\\/2009\\\/09\\\/25\\\/mercredi-des-web-analytics-le-14-octobre-a-lille\\\/\",\"url\":\"https:\\\/\\\/juliencoquet.com\\\/fr\\\/2009\\\/09\\\/25\\\/mercredi-des-web-analytics-le-14-octobre-a-lille\\\/\",\"name\":\"Mercredi des Web Analytics le 14 octobre \u00e0 Lille - Julien Coquet\",\"isPartOf\":{\"@id\":\"https:\\\/\\\/juliencoquet.com\\\/#website\"},\"datePublished\":\"2009-09-25T11:23:00+00:00\",\"dateModified\":\"2009-09-25T14:00:19+00:00\",\"breadcrumb\":{\"@id\":\"https:\\\/\\\/juliencoquet.com\\\/fr\\\/2009\\\/09\\\/25\\\/mercredi-des-web-analytics-le-14-octobre-a-lille\\\/#breadcrumb\"},\"inLanguage\":\"fr-FR\",\"potentialAction\":[{\"@type\":\"ReadAction\",\"target\":[\"https:\\\/\\\/juliencoquet.com\\\/fr\\\/2009\\\/09\\\/25\\\/mercredi-des-web-analytics-le-14-octobre-a-lille\\\/\"]}]},{\"@type\":\"BreadcrumbList\",\"@id\":\"https:\\\/\\\/juliencoquet.com\\\/fr\\\/2009\\\/09\\\/25\\\/mercredi-des-web-analytics-le-14-octobre-a-lille\\\/#breadcrumb\",\"itemListElement\":[{\"@type\":\"ListItem\",\"position\":1,\"name\":\"Home\",\"item\":\"https:\\\/\\\/juliencoquet.com\\\/\"},{\"@type\":\"ListItem\",\"position\":2,\"name\":\"Mercredi des Web Analytics le 14 octobre \u00e0 Lille\"}]},{\"@type\":\"WebSite\",\"@id\":\"https:\\\/\\\/juliencoquet.com\\\/#website\",\"url\":\"https:\\\/\\\/juliencoquet.com\\\/\",\"name\":\"Julien Coquet\",\"description\":\"\",\"publisher\":{\"@id\":\"https:\\\/\\\/juliencoquet.com\\\/#\\\/schema\\\/person\\\/16345764b7c7529e428e37fd635ed8ea\"},\"potentialAction\":[{\"@type\":\"SearchAction\",\"target\":{\"@type\":\"EntryPoint\",\"urlTemplate\":\"https:\\\/\\\/juliencoquet.com\\\/?s={search_term_string}\"},\"query-input\":{\"@type\":\"PropertyValueSpecification\",\"valueRequired\":true,\"valueName\":\"search_term_string\"}}],\"inLanguage\":\"fr-FR\"},{\"@type\":[\"Person\",\"Organization\"],\"@id\":\"https:\\\/\\\/juliencoquet.com\\\/#\\\/schema\\\/person\\\/16345764b7c7529e428e37fd635ed8ea\",\"name\":\"julien\",\"image\":{\"@type\":\"ImageObject\",\"inLanguage\":\"fr-FR\",\"@id\":\"https:\\\/\\\/juliencoquet.com\\\/wp-content\\\/uploads\\\/2026\\\/02\\\/julien-coquet-expert-analytics-consultant.jpg\",\"url\":\"https:\\\/\\\/juliencoquet.com\\\/wp-content\\\/uploads\\\/2026\\\/02\\\/julien-coquet-expert-analytics-consultant.jpg\",\"contentUrl\":\"https:\\\/\\\/juliencoquet.com\\\/wp-content\\\/uploads\\\/2026\\\/02\\\/julien-coquet-expert-analytics-consultant.jpg\",\"width\":576,\"height\":576,\"caption\":\"julien\"},\"logo\":{\"@id\":\"https:\\\/\\\/juliencoquet.com\\\/wp-content\\\/uploads\\\/2026\\\/02\\\/julien-coquet-expert-analytics-consultant.jpg\"},\"sameAs\":[\"https:\\\/\\\/juliencoquet.com\"]},{\"@type\":\"Person\",\"@id\":\"\",\"url\":\"https:\\\/\\\/juliencoquet.com\\\/author\\\/\"}]}<\/script>\n<!-- \/ Yoast SEO plugin. -->","yoast_head_json":{"title":"Mercredi des Web Analytics le 14 octobre \u00e0 Lille - Julien Coquet","robots":{"index":"index","follow":"follow","max-snippet":"max-snippet:-1","max-image-preview":"max-image-preview:large","max-video-preview":"max-video-preview:-1"},"canonical":"https:\/\/juliencoquet.com\/fr\/2009\/09\/25\/mercredi-des-web-analytics-le-14-octobre-a-lille\/","og_locale":"fr_FR","og_type":"article","og_title":"Mercredi des Web Analytics le 14 octobre \u00e0 Lille - Julien Coquet","og_description":"Dans la s\u00e9rie des Mercredi des Web Analytics, je vous propose de nous retrouver le 14 octobre \u00e0 Lille! La rencontre se fera au sein du salon VAD eCommerce de Lille (qui lui ne blackliste pas ses visiteurs), dans la salle de conf\u00e9rence #4 \u00e0 Lille Grand Palais \u00e0 18 heures pr\u00e9cises (accueil des participants [&hellip;]","og_url":"https:\/\/juliencoquet.com\/fr\/2009\/09\/25\/mercredi-des-web-analytics-le-14-octobre-a-lille\/","og_site_name":"Julien Coquet","article_published_time":"2009-09-25T11:23:00+00:00","article_modified_time":"2009-09-25T14:00:19+00:00","twitter_card":"summary_large_image","twitter_misc":{"\u00c9crit par":"","Dur\u00e9e de lecture estim\u00e9e":"1 minute"},"schema":{"@context":"https:\/\/schema.org","@graph":[{"@type":"Article","@id":"https:\/\/juliencoquet.com\/fr\/2009\/09\/25\/mercredi-des-web-analytics-le-14-octobre-a-lille\/#article","isPartOf":{"@id":"https:\/\/juliencoquet.com\/fr\/2009\/09\/25\/mercredi-des-web-analytics-le-14-octobre-a-lille\/"},"author":{"name":"","@id":""},"headline":"Mercredi des Web Analytics le 14 octobre \u00e0 Lille","datePublished":"2009-09-25T11:23:00+00:00","dateModified":"2009-09-25T14:00:19+00:00","mainEntityOfPage":{"@id":"https:\/\/juliencoquet.com\/fr\/2009\/09\/25\/mercredi-des-web-analytics-le-14-octobre-a-lille\/"},"wordCount":179,"commentCount":2,"publisher":{"@id":"https:\/\/juliencoquet.com\/#\/schema\/person\/16345764b7c7529e428e37fd635ed8ea"},"inLanguage":"fr-FR","potentialAction":[{"@type":"CommentAction","name":"Comment","target":["https:\/\/juliencoquet.com\/fr\/2009\/09\/25\/mercredi-des-web-analytics-le-14-octobre-a-lille\/#respond"]}]},{"@type":"WebPage","@id":"https:\/\/juliencoquet.com\/fr\/2009\/09\/25\/mercredi-des-web-analytics-le-14-octobre-a-lille\/","url":"https:\/\/juliencoquet.com\/fr\/2009\/09\/25\/mercredi-des-web-analytics-le-14-octobre-a-lille\/","name":"Mercredi des Web Analytics le 14 octobre \u00e0 Lille - Julien Coquet","isPartOf":{"@id":"https:\/\/juliencoquet.com\/#website"},"datePublished":"2009-09-25T11:23:00+00:00","dateModified":"2009-09-25T14:00:19+00:00","breadcrumb":{"@id":"https:\/\/juliencoquet.com\/fr\/2009\/09\/25\/mercredi-des-web-analytics-le-14-octobre-a-lille\/#breadcrumb"},"inLanguage":"fr-FR","potentialAction":[{"@type":"ReadAction","target":["https:\/\/juliencoquet.com\/fr\/2009\/09\/25\/mercredi-des-web-analytics-le-14-octobre-a-lille\/"]}]},{"@type":"BreadcrumbList","@id":"https:\/\/juliencoquet.com\/fr\/2009\/09\/25\/mercredi-des-web-analytics-le-14-octobre-a-lille\/#breadcrumb","itemListElement":[{"@type":"ListItem","position":1,"name":"Home","item":"https:\/\/juliencoquet.com\/"},{"@type":"ListItem","position":2,"name":"Mercredi des Web Analytics le 14 octobre \u00e0 Lille"}]},{"@type":"WebSite","@id":"https:\/\/juliencoquet.com\/#website","url":"https:\/\/juliencoquet.com\/","name":"Julien Coquet","description":"","publisher":{"@id":"https:\/\/juliencoquet.com\/#\/schema\/person\/16345764b7c7529e428e37fd635ed8ea"},"potentialAction":[{"@type":"SearchAction","target":{"@type":"EntryPoint","urlTemplate":"https:\/\/juliencoquet.com\/?s={search_term_string}"},"query-input":{"@type":"PropertyValueSpecification","valueRequired":true,"valueName":"search_term_string"}}],"inLanguage":"fr-FR"},{"@type":["Person","Organization"],"@id":"https:\/\/juliencoquet.com\/#\/schema\/person\/16345764b7c7529e428e37fd635ed8ea","name":"julien","image":{"@type":"ImageObject","inLanguage":"fr-FR","@id":"https:\/\/juliencoquet.com\/wp-content\/uploads\/2026\/02\/julien-coquet-expert-analytics-consultant.jpg","url":"https:\/\/juliencoquet.com\/wp-content\/uploads\/2026\/02\/julien-coquet-expert-analytics-consultant.jpg","contentUrl":"https:\/\/juliencoquet.com\/wp-content\/uploads\/2026\/02\/julien-coquet-expert-analytics-consultant.jpg","width":576,"height":576,"caption":"julien"},"logo":{"@id":"https:\/\/juliencoquet.com\/wp-content\/uploads\/2026\/02\/julien-coquet-expert-analytics-consultant.jpg"},"sameAs":["https:\/\/juliencoquet.com"]},{"@type":"Person","@id":"","url":"https:\/\/juliencoquet.com\/author\/"}]}},"_links":{"self":[{"href":"https:\/\/juliencoquet.com\/wp-json\/wp\/v2\/posts\/781","targetHints":{"allow":["GET"]}}],"collection":[{"href":"https:\/\/juliencoquet.com\/wp-json\/wp\/v2\/posts"}],"about":[{"href":"https:\/\/juliencoquet.com\/wp-json\/wp\/v2\/types\/post"}],"author":[{"embeddable":true,"href":"https:\/\/juliencoquet.com\/wp-json\/wp\/v2\/users\/2"}],"replies":[{"embeddable":true,"href":"https:\/\/juliencoquet.com\/wp-json\/wp\/v2\/comments?post=781"}],"version-history":[{"count":0,"href":"https:\/\/juliencoquet.com\/wp-json\/wp\/v2\/posts\/781\/revisions"}],"wp:attachment":[{"href":"https:\/\/juliencoquet.com\/wp-json\/wp\/v2\/media?parent=781"}],"wp:term":[{"taxonomy":"category","embeddable":true,"href":"https:\/\/juliencoquet.com\/wp-json\/wp\/v2\/categories?post=781"},{"taxonomy":"post_tag","embeddable":true,"href":"https:\/\/juliencoquet.com\/wp-json\/wp\/v2\/tags?post=781"}],"curies":[{"name":"wp","href":"https:\/\/api.w.org\/{rel}","templated":true}]}}