{"id":63,"date":"2005-10-19T10:45:14","date_gmt":"2005-10-19T08:45:14","guid":{"rendered":"https:\/\/juliencoquet.wordpress.com\/2005\/10\/19\/le-web-20-selon-tim-oreilly\/"},"modified":"2005-10-19T10:45:14","modified_gmt":"2005-10-19T08:45:14","slug":"le-web-20-selon-tim-oreilly","status":"publish","type":"post","link":"https:\/\/juliencoquet.com\/fr\/2005\/10\/19\/le-web-20-selon-tim-oreilly\/","title":{"rendered":"Le Web 2.0 selon Tim O&#8217;Reilly"},"content":{"rendered":"<p>Dans son article du 30 septembre, Tim O&rsquo;Reilly nous pr\u00e9sente sa vision du \u00ab\u00a0Web 2.0\u00a0\u00bb.<\/p>\n<p>Vous me direz bien s\u00fbr que le \u00ab\u00a0Web 2.0\u00a0\u00bb n&rsquo;est qu&rsquo;une appellation de plus dans <a href=\"https:\/\/julien.coquet.free.fr\/?cat=8\">la jungle du Web<\/a>.<\/p>\n<p>Dans son argumentaire, il d\u00e9gage 3 grands \u00ab\u00a0traits de caract\u00e8re\u00a0\u00bb du Web 2.0:<\/p>\n<ol>\n<li>Le Web en tant que plateforme<\/li>\n<li>Ma\u00eetrise de l'\u00a0\u00bbintelligence collective\u00a0\u00bb<\/li>\n<li>Le Web 2.0 repose sur l&rsquo;information<\/li>\n<li>La fin des cycles de d\u00e9veloppement logiciel tels qu&rsquo;on les conna\u00eet<\/li>\n<li>Des mod\u00e8les de d\u00e9veloppement plus l\u00e9gers<\/li>\n<li>Pr\u00e9voir de servir plusieurs types de plateformes<\/li>\n<li>Une \u00ab\u00a0exp\u00e9rience utilisateur riche\u00a0\u00bb<\/li>\n<\/ol>\n<p>Tout ca pour dire que pour certifier une plateforme Web 2.0, il faut analyser si on dispose pour cette plateforme de comp\u00e9tences en:<\/p>\n<ul>\n<li>Services, et pas des applications pr\u00e9-packag\u00e9es et si possible extensibles \u00e0 bas co\u00fbt<\/li>\n<li>Contr\u00f4ler des sources de donn\u00e9es complexes et qui s&rsquo;enrichissent \u00e0 l&rsquo;usage<\/li>\n<li>Consid\u00e9rer les utilisateurs comme des d\u00e9veloppeurs (<em>sic<\/em>)<\/li>\n<li>Ma\u00eetriser l&rsquo;intelligence collective<\/li>\n<li>D\u00e9passer le concept de plateforme unique<\/li>\n<li>Avoir des interfaces utilisateurs, des mod\u00e8les de d\u00e9veloppement et de business <strong>l\u00e9gers<\/strong>.<\/li>\n<\/ul>\n<p>O&rsquo;Reilly conseille d&rsquo;avoir une comp\u00e9tence renforc\u00e9e sur l&rsquo;un de ces domaines plut\u00f4t qu&rsquo;un panach\u00e9 \u00e0 faible ou moyen niveau.<\/p>\n<p><strong>Pour r\u00e9sumer: <\/strong>  plusieurs de ses points remettent en question l&rsquo;industrie du Web telle que nous la connaissons et il appara\u00eet \u00e9vident que les acteurs d\u00e9sireux de rester sur le devant de la sc\u00e8ne devront s&rsquo;adapter  TRES vite&#8230;<\/p>\n<p>Plus d&rsquo;information sur: <a href=\"https:\/\/www.oreillynet.com\/pub\/a\/oreilly\/tim\/news\/2005\/09\/30\/what-is-web-20.html\"> \u00ab\u00a0Tim O&rsquo;Reilly: What is Web 2.0?\u00a0\u00bb<\/a> (en anglais)<\/p>\n<p>Bonne lecture! \ud83d\ude42<\/p>\n","protected":false},"excerpt":{"rendered":"<p>Dans son article du 30 septembre, Tim O&rsquo;Reilly nous pr\u00e9sente sa vision du \u00ab\u00a0Web 2.0\u00a0\u00bb. Vous me direz bien s\u00fbr que le \u00ab\u00a0Web 2.0\u00a0\u00bb n&rsquo;est qu&rsquo;une appellation de plus dans la jungle du Web. Dans son argumentaire, il d\u00e9gage 3 grands \u00ab\u00a0traits de caract\u00e8re\u00a0\u00bb du Web 2.0: Le Web en tant que plateforme Ma\u00eetrise de [&hellip;]<\/p>\n","protected":false},"author":2,"featured_media":0,"comment_status":"open","ping_status":"open","sticky":false,"template":"","format":"standard","meta":{"_locale":"fr_FR","_original_post":"","footnotes":""},"categories":[],"tags":[],"class_list":["post-63","post","type-post","status-publish","format-standard","hentry","fr-FR"],"yoast_head":"<!-- This site is optimized with the Yoast SEO plugin v27.5 - https:\/\/yoast.com\/product\/yoast-seo-wordpress\/ -->\n<title>Le Web 2.0 selon Tim O&#8217;Reilly - Julien Coquet<\/title>\n<meta name=\"robots\" content=\"index, follow, max-snippet:-1, max-image-preview:large, max-video-preview:-1\" \/>\n<link rel=\"canonical\" href=\"https:\/\/juliencoquet.com\/fr\/2005\/10\/19\/le-web-20-selon-tim-oreilly\/\" \/>\n<meta property=\"og:locale\" content=\"fr_FR\" \/>\n<meta property=\"og:type\" content=\"article\" \/>\n<meta property=\"og:title\" content=\"Le Web 2.0 selon Tim O&#8217;Reilly - Julien Coquet\" \/>\n<meta property=\"og:description\" content=\"Dans son article du 30 septembre, Tim O&rsquo;Reilly nous pr\u00e9sente sa vision du \u00ab\u00a0Web 2.0\u00a0\u00bb. Vous me direz bien s\u00fbr que le \u00ab\u00a0Web 2.0\u00a0\u00bb n&rsquo;est qu&rsquo;une appellation de plus dans la jungle du Web. Dans son argumentaire, il d\u00e9gage 3 grands \u00ab\u00a0traits de caract\u00e8re\u00a0\u00bb du Web 2.0: Le Web en tant que plateforme Ma\u00eetrise de [&hellip;]\" \/>\n<meta property=\"og:url\" content=\"https:\/\/juliencoquet.com\/fr\/2005\/10\/19\/le-web-20-selon-tim-oreilly\/\" \/>\n<meta property=\"og:site_name\" content=\"Julien Coquet\" \/>\n<meta property=\"article:published_time\" content=\"2005-10-19T08:45:14+00:00\" \/>\n<meta name=\"twitter:card\" content=\"summary_large_image\" \/>\n<meta name=\"twitter:label1\" content=\"\u00c9crit par\" \/>\n\t<meta name=\"twitter:data1\" content=\"\" \/>\n\t<meta name=\"twitter:label2\" content=\"Dur\u00e9e de lecture estim\u00e9e\" \/>\n\t<meta name=\"twitter:data2\" content=\"1 minute\" \/>\n<script type=\"application\/ld+json\" class=\"yoast-schema-graph\">{\"@context\":\"https:\\\/\\\/schema.org\",\"@graph\":[{\"@type\":\"Article\",\"@id\":\"https:\\\/\\\/juliencoquet.com\\\/fr\\\/2005\\\/10\\\/19\\\/le-web-20-selon-tim-oreilly\\\/#article\",\"isPartOf\":{\"@id\":\"https:\\\/\\\/juliencoquet.com\\\/fr\\\/2005\\\/10\\\/19\\\/le-web-20-selon-tim-oreilly\\\/\"},\"author\":{\"name\":\"\",\"@id\":\"\"},\"headline\":\"Le Web 2.0 selon Tim O&#8217;Reilly\",\"datePublished\":\"2005-10-19T08:45:14+00:00\",\"mainEntityOfPage\":{\"@id\":\"https:\\\/\\\/juliencoquet.com\\\/fr\\\/2005\\\/10\\\/19\\\/le-web-20-selon-tim-oreilly\\\/\"},\"wordCount\":280,\"commentCount\":0,\"publisher\":{\"@id\":\"https:\\\/\\\/juliencoquet.com\\\/#\\\/schema\\\/person\\\/16345764b7c7529e428e37fd635ed8ea\"},\"inLanguage\":\"fr-FR\",\"potentialAction\":[{\"@type\":\"CommentAction\",\"name\":\"Comment\",\"target\":[\"https:\\\/\\\/juliencoquet.com\\\/fr\\\/2005\\\/10\\\/19\\\/le-web-20-selon-tim-oreilly\\\/#respond\"]}]},{\"@type\":\"WebPage\",\"@id\":\"https:\\\/\\\/juliencoquet.com\\\/fr\\\/2005\\\/10\\\/19\\\/le-web-20-selon-tim-oreilly\\\/\",\"url\":\"https:\\\/\\\/juliencoquet.com\\\/fr\\\/2005\\\/10\\\/19\\\/le-web-20-selon-tim-oreilly\\\/\",\"name\":\"Le Web 2.0 selon Tim O&#8217;Reilly - Julien Coquet\",\"isPartOf\":{\"@id\":\"https:\\\/\\\/juliencoquet.com\\\/#website\"},\"datePublished\":\"2005-10-19T08:45:14+00:00\",\"breadcrumb\":{\"@id\":\"https:\\\/\\\/juliencoquet.com\\\/fr\\\/2005\\\/10\\\/19\\\/le-web-20-selon-tim-oreilly\\\/#breadcrumb\"},\"inLanguage\":\"fr-FR\",\"potentialAction\":[{\"@type\":\"ReadAction\",\"target\":[\"https:\\\/\\\/juliencoquet.com\\\/fr\\\/2005\\\/10\\\/19\\\/le-web-20-selon-tim-oreilly\\\/\"]}]},{\"@type\":\"BreadcrumbList\",\"@id\":\"https:\\\/\\\/juliencoquet.com\\\/fr\\\/2005\\\/10\\\/19\\\/le-web-20-selon-tim-oreilly\\\/#breadcrumb\",\"itemListElement\":[{\"@type\":\"ListItem\",\"position\":1,\"name\":\"Home\",\"item\":\"https:\\\/\\\/juliencoquet.com\\\/\"},{\"@type\":\"ListItem\",\"position\":2,\"name\":\"Le Web 2.0 selon Tim O&#8217;Reilly\"}]},{\"@type\":\"WebSite\",\"@id\":\"https:\\\/\\\/juliencoquet.com\\\/#website\",\"url\":\"https:\\\/\\\/juliencoquet.com\\\/\",\"name\":\"Julien Coquet\",\"description\":\"\",\"publisher\":{\"@id\":\"https:\\\/\\\/juliencoquet.com\\\/#\\\/schema\\\/person\\\/16345764b7c7529e428e37fd635ed8ea\"},\"potentialAction\":[{\"@type\":\"SearchAction\",\"target\":{\"@type\":\"EntryPoint\",\"urlTemplate\":\"https:\\\/\\\/juliencoquet.com\\\/?s={search_term_string}\"},\"query-input\":{\"@type\":\"PropertyValueSpecification\",\"valueRequired\":true,\"valueName\":\"search_term_string\"}}],\"inLanguage\":\"fr-FR\"},{\"@type\":[\"Person\",\"Organization\"],\"@id\":\"https:\\\/\\\/juliencoquet.com\\\/#\\\/schema\\\/person\\\/16345764b7c7529e428e37fd635ed8ea\",\"name\":\"julien\",\"image\":{\"@type\":\"ImageObject\",\"inLanguage\":\"fr-FR\",\"@id\":\"https:\\\/\\\/juliencoquet.com\\\/wp-content\\\/uploads\\\/2026\\\/02\\\/julien-coquet-expert-analytics-consultant.jpg\",\"url\":\"https:\\\/\\\/juliencoquet.com\\\/wp-content\\\/uploads\\\/2026\\\/02\\\/julien-coquet-expert-analytics-consultant.jpg\",\"contentUrl\":\"https:\\\/\\\/juliencoquet.com\\\/wp-content\\\/uploads\\\/2026\\\/02\\\/julien-coquet-expert-analytics-consultant.jpg\",\"width\":576,\"height\":576,\"caption\":\"julien\"},\"logo\":{\"@id\":\"https:\\\/\\\/juliencoquet.com\\\/wp-content\\\/uploads\\\/2026\\\/02\\\/julien-coquet-expert-analytics-consultant.jpg\"},\"sameAs\":[\"https:\\\/\\\/juliencoquet.com\"]},{\"@type\":\"Person\",\"@id\":\"\",\"url\":\"https:\\\/\\\/juliencoquet.com\\\/author\\\/\"}]}<\/script>\n<!-- \/ Yoast SEO plugin. -->","yoast_head_json":{"title":"Le Web 2.0 selon Tim O&#8217;Reilly - Julien Coquet","robots":{"index":"index","follow":"follow","max-snippet":"max-snippet:-1","max-image-preview":"max-image-preview:large","max-video-preview":"max-video-preview:-1"},"canonical":"https:\/\/juliencoquet.com\/fr\/2005\/10\/19\/le-web-20-selon-tim-oreilly\/","og_locale":"fr_FR","og_type":"article","og_title":"Le Web 2.0 selon Tim O&#8217;Reilly - Julien Coquet","og_description":"Dans son article du 30 septembre, Tim O&rsquo;Reilly nous pr\u00e9sente sa vision du \u00ab\u00a0Web 2.0\u00a0\u00bb. Vous me direz bien s\u00fbr que le \u00ab\u00a0Web 2.0\u00a0\u00bb n&rsquo;est qu&rsquo;une appellation de plus dans la jungle du Web. Dans son argumentaire, il d\u00e9gage 3 grands \u00ab\u00a0traits de caract\u00e8re\u00a0\u00bb du Web 2.0: Le Web en tant que plateforme Ma\u00eetrise de [&hellip;]","og_url":"https:\/\/juliencoquet.com\/fr\/2005\/10\/19\/le-web-20-selon-tim-oreilly\/","og_site_name":"Julien Coquet","article_published_time":"2005-10-19T08:45:14+00:00","twitter_card":"summary_large_image","twitter_misc":{"\u00c9crit par":"","Dur\u00e9e de lecture estim\u00e9e":"1 minute"},"schema":{"@context":"https:\/\/schema.org","@graph":[{"@type":"Article","@id":"https:\/\/juliencoquet.com\/fr\/2005\/10\/19\/le-web-20-selon-tim-oreilly\/#article","isPartOf":{"@id":"https:\/\/juliencoquet.com\/fr\/2005\/10\/19\/le-web-20-selon-tim-oreilly\/"},"author":{"name":"","@id":""},"headline":"Le Web 2.0 selon Tim O&#8217;Reilly","datePublished":"2005-10-19T08:45:14+00:00","mainEntityOfPage":{"@id":"https:\/\/juliencoquet.com\/fr\/2005\/10\/19\/le-web-20-selon-tim-oreilly\/"},"wordCount":280,"commentCount":0,"publisher":{"@id":"https:\/\/juliencoquet.com\/#\/schema\/person\/16345764b7c7529e428e37fd635ed8ea"},"inLanguage":"fr-FR","potentialAction":[{"@type":"CommentAction","name":"Comment","target":["https:\/\/juliencoquet.com\/fr\/2005\/10\/19\/le-web-20-selon-tim-oreilly\/#respond"]}]},{"@type":"WebPage","@id":"https:\/\/juliencoquet.com\/fr\/2005\/10\/19\/le-web-20-selon-tim-oreilly\/","url":"https:\/\/juliencoquet.com\/fr\/2005\/10\/19\/le-web-20-selon-tim-oreilly\/","name":"Le Web 2.0 selon Tim O&#8217;Reilly - Julien Coquet","isPartOf":{"@id":"https:\/\/juliencoquet.com\/#website"},"datePublished":"2005-10-19T08:45:14+00:00","breadcrumb":{"@id":"https:\/\/juliencoquet.com\/fr\/2005\/10\/19\/le-web-20-selon-tim-oreilly\/#breadcrumb"},"inLanguage":"fr-FR","potentialAction":[{"@type":"ReadAction","target":["https:\/\/juliencoquet.com\/fr\/2005\/10\/19\/le-web-20-selon-tim-oreilly\/"]}]},{"@type":"BreadcrumbList","@id":"https:\/\/juliencoquet.com\/fr\/2005\/10\/19\/le-web-20-selon-tim-oreilly\/#breadcrumb","itemListElement":[{"@type":"ListItem","position":1,"name":"Home","item":"https:\/\/juliencoquet.com\/"},{"@type":"ListItem","position":2,"name":"Le Web 2.0 selon Tim O&#8217;Reilly"}]},{"@type":"WebSite","@id":"https:\/\/juliencoquet.com\/#website","url":"https:\/\/juliencoquet.com\/","name":"Julien Coquet","description":"","publisher":{"@id":"https:\/\/juliencoquet.com\/#\/schema\/person\/16345764b7c7529e428e37fd635ed8ea"},"potentialAction":[{"@type":"SearchAction","target":{"@type":"EntryPoint","urlTemplate":"https:\/\/juliencoquet.com\/?s={search_term_string}"},"query-input":{"@type":"PropertyValueSpecification","valueRequired":true,"valueName":"search_term_string"}}],"inLanguage":"fr-FR"},{"@type":["Person","Organization"],"@id":"https:\/\/juliencoquet.com\/#\/schema\/person\/16345764b7c7529e428e37fd635ed8ea","name":"julien","image":{"@type":"ImageObject","inLanguage":"fr-FR","@id":"https:\/\/juliencoquet.com\/wp-content\/uploads\/2026\/02\/julien-coquet-expert-analytics-consultant.jpg","url":"https:\/\/juliencoquet.com\/wp-content\/uploads\/2026\/02\/julien-coquet-expert-analytics-consultant.jpg","contentUrl":"https:\/\/juliencoquet.com\/wp-content\/uploads\/2026\/02\/julien-coquet-expert-analytics-consultant.jpg","width":576,"height":576,"caption":"julien"},"logo":{"@id":"https:\/\/juliencoquet.com\/wp-content\/uploads\/2026\/02\/julien-coquet-expert-analytics-consultant.jpg"},"sameAs":["https:\/\/juliencoquet.com"]},{"@type":"Person","@id":"","url":"https:\/\/juliencoquet.com\/author\/"}]}},"_links":{"self":[{"href":"https:\/\/juliencoquet.com\/wp-json\/wp\/v2\/posts\/63","targetHints":{"allow":["GET"]}}],"collection":[{"href":"https:\/\/juliencoquet.com\/wp-json\/wp\/v2\/posts"}],"about":[{"href":"https:\/\/juliencoquet.com\/wp-json\/wp\/v2\/types\/post"}],"author":[{"embeddable":true,"href":"https:\/\/juliencoquet.com\/wp-json\/wp\/v2\/users\/2"}],"replies":[{"embeddable":true,"href":"https:\/\/juliencoquet.com\/wp-json\/wp\/v2\/comments?post=63"}],"version-history":[{"count":0,"href":"https:\/\/juliencoquet.com\/wp-json\/wp\/v2\/posts\/63\/revisions"}],"wp:attachment":[{"href":"https:\/\/juliencoquet.com\/wp-json\/wp\/v2\/media?parent=63"}],"wp:term":[{"taxonomy":"category","embeddable":true,"href":"https:\/\/juliencoquet.com\/wp-json\/wp\/v2\/categories?post=63"},{"taxonomy":"post_tag","embeddable":true,"href":"https:\/\/juliencoquet.com\/wp-json\/wp\/v2\/tags?post=63"}],"curies":[{"name":"wp","href":"https:\/\/api.w.org\/{rel}","templated":true}]}}