{"id":343,"date":"2008-03-09T14:40:40","date_gmt":"2008-03-09T13:40:40","guid":{"rendered":"https:\/\/juliencoquet.wordpress.com\/?p=343"},"modified":"2008-03-09T14:40:40","modified_gmt":"2008-03-09T13:40:40","slug":"facebook-enfin-en-francais","status":"publish","type":"post","link":"https:\/\/juliencoquet.com\/fr\/2008\/03\/09\/facebook-enfin-en-francais\/","title":{"rendered":"Facebook enfin en fran\u00e7ais!"},"content":{"rendered":"<p>Les feignants des langues \u00e9trang\u00e8res se r\u00e9jouiront de voir Facebook traduit dans la langue de Moli\u00e8re \ud83d\ude09<\/p>\n<p>Vous verrez appara\u00eetre dans vos options un onglet Languages qui vous permettront de passer au fran\u00e7ais!<\/p>\n<p><img loading=\"lazy\" decoding=\"async\" src=\"\/\/farm4.static.flickr.com\/3113\/2321141358_ec4d105aba.jpg\" height=\"171\" width=\"450\" \/><\/p>\n<p><a href=\"https:\/\/fr.techcrunch.com\/2008\/03\/09\/fr-dites-bonjour-a-facebook-en-francais\/\">Merci \u00e0 Ouriel pour l&rsquo;info et le screenshot<\/a>!<\/p>\n","protected":false},"excerpt":{"rendered":"<p>Les feignants des langues \u00e9trang\u00e8res se r\u00e9jouiront de voir Facebook traduit dans la langue de Moli\u00e8re \ud83d\ude09 Vous verrez appara\u00eetre dans vos options un onglet Languages qui vous permettront de passer au fran\u00e7ais! Merci \u00e0 Ouriel pour l&rsquo;info et le screenshot!<\/p>\n","protected":false},"author":2,"featured_media":0,"comment_status":"open","ping_status":"open","sticky":false,"template":"","format":"standard","meta":{"_locale":"fr_FR","_original_post":"","footnotes":""},"categories":[],"tags":[],"class_list":["post-343","post","type-post","status-publish","format-standard","hentry","fr-FR"],"yoast_head":"<!-- This site is optimized with the Yoast SEO plugin v27.5 - https:\/\/yoast.com\/product\/yoast-seo-wordpress\/ -->\n<title>Facebook enfin en fran\u00e7ais! - Julien Coquet<\/title>\n<meta name=\"robots\" content=\"index, follow, max-snippet:-1, max-image-preview:large, max-video-preview:-1\" \/>\n<link rel=\"canonical\" href=\"https:\/\/juliencoquet.com\/fr\/2008\/03\/09\/facebook-enfin-en-francais\/\" \/>\n<meta property=\"og:locale\" content=\"fr_FR\" \/>\n<meta property=\"og:type\" content=\"article\" \/>\n<meta property=\"og:title\" content=\"Facebook enfin en fran\u00e7ais! - Julien Coquet\" \/>\n<meta property=\"og:description\" content=\"Les feignants des langues \u00e9trang\u00e8res se r\u00e9jouiront de voir Facebook traduit dans la langue de Moli\u00e8re \ud83d\ude09 Vous verrez appara\u00eetre dans vos options un onglet Languages qui vous permettront de passer au fran\u00e7ais! Merci \u00e0 Ouriel pour l&rsquo;info et le screenshot!\" \/>\n<meta property=\"og:url\" content=\"https:\/\/juliencoquet.com\/fr\/2008\/03\/09\/facebook-enfin-en-francais\/\" \/>\n<meta property=\"og:site_name\" content=\"Julien Coquet\" \/>\n<meta property=\"article:published_time\" content=\"2008-03-09T13:40:40+00:00\" \/>\n<meta name=\"twitter:card\" content=\"summary_large_image\" \/>\n<meta name=\"twitter:label1\" content=\"\u00c9crit par\" \/>\n\t<meta name=\"twitter:data1\" content=\"\" \/>\n<script type=\"application\/ld+json\" class=\"yoast-schema-graph\">{\"@context\":\"https:\\\/\\\/schema.org\",\"@graph\":[{\"@type\":\"Article\",\"@id\":\"https:\\\/\\\/juliencoquet.com\\\/fr\\\/2008\\\/03\\\/09\\\/facebook-enfin-en-francais\\\/#article\",\"isPartOf\":{\"@id\":\"https:\\\/\\\/juliencoquet.com\\\/fr\\\/2008\\\/03\\\/09\\\/facebook-enfin-en-francais\\\/\"},\"author\":{\"name\":\"\",\"@id\":\"\"},\"headline\":\"Facebook enfin en fran\u00e7ais!\",\"datePublished\":\"2008-03-09T13:40:40+00:00\",\"mainEntityOfPage\":{\"@id\":\"https:\\\/\\\/juliencoquet.com\\\/fr\\\/2008\\\/03\\\/09\\\/facebook-enfin-en-francais\\\/\"},\"wordCount\":51,\"commentCount\":0,\"publisher\":{\"@id\":\"https:\\\/\\\/juliencoquet.com\\\/#\\\/schema\\\/person\\\/16345764b7c7529e428e37fd635ed8ea\"},\"inLanguage\":\"fr-FR\",\"potentialAction\":[{\"@type\":\"CommentAction\",\"name\":\"Comment\",\"target\":[\"https:\\\/\\\/juliencoquet.com\\\/fr\\\/2008\\\/03\\\/09\\\/facebook-enfin-en-francais\\\/#respond\"]}]},{\"@type\":\"WebPage\",\"@id\":\"https:\\\/\\\/juliencoquet.com\\\/fr\\\/2008\\\/03\\\/09\\\/facebook-enfin-en-francais\\\/\",\"url\":\"https:\\\/\\\/juliencoquet.com\\\/fr\\\/2008\\\/03\\\/09\\\/facebook-enfin-en-francais\\\/\",\"name\":\"Facebook enfin en fran\u00e7ais! - Julien Coquet\",\"isPartOf\":{\"@id\":\"https:\\\/\\\/juliencoquet.com\\\/#website\"},\"datePublished\":\"2008-03-09T13:40:40+00:00\",\"breadcrumb\":{\"@id\":\"https:\\\/\\\/juliencoquet.com\\\/fr\\\/2008\\\/03\\\/09\\\/facebook-enfin-en-francais\\\/#breadcrumb\"},\"inLanguage\":\"fr-FR\",\"potentialAction\":[{\"@type\":\"ReadAction\",\"target\":[\"https:\\\/\\\/juliencoquet.com\\\/fr\\\/2008\\\/03\\\/09\\\/facebook-enfin-en-francais\\\/\"]}]},{\"@type\":\"BreadcrumbList\",\"@id\":\"https:\\\/\\\/juliencoquet.com\\\/fr\\\/2008\\\/03\\\/09\\\/facebook-enfin-en-francais\\\/#breadcrumb\",\"itemListElement\":[{\"@type\":\"ListItem\",\"position\":1,\"name\":\"Home\",\"item\":\"https:\\\/\\\/juliencoquet.com\\\/\"},{\"@type\":\"ListItem\",\"position\":2,\"name\":\"Facebook enfin en fran\u00e7ais!\"}]},{\"@type\":\"WebSite\",\"@id\":\"https:\\\/\\\/juliencoquet.com\\\/#website\",\"url\":\"https:\\\/\\\/juliencoquet.com\\\/\",\"name\":\"Julien Coquet\",\"description\":\"\",\"publisher\":{\"@id\":\"https:\\\/\\\/juliencoquet.com\\\/#\\\/schema\\\/person\\\/16345764b7c7529e428e37fd635ed8ea\"},\"potentialAction\":[{\"@type\":\"SearchAction\",\"target\":{\"@type\":\"EntryPoint\",\"urlTemplate\":\"https:\\\/\\\/juliencoquet.com\\\/?s={search_term_string}\"},\"query-input\":{\"@type\":\"PropertyValueSpecification\",\"valueRequired\":true,\"valueName\":\"search_term_string\"}}],\"inLanguage\":\"fr-FR\"},{\"@type\":[\"Person\",\"Organization\"],\"@id\":\"https:\\\/\\\/juliencoquet.com\\\/#\\\/schema\\\/person\\\/16345764b7c7529e428e37fd635ed8ea\",\"name\":\"julien\",\"image\":{\"@type\":\"ImageObject\",\"inLanguage\":\"fr-FR\",\"@id\":\"https:\\\/\\\/juliencoquet.com\\\/wp-content\\\/uploads\\\/2026\\\/02\\\/julien-coquet-expert-analytics-consultant.jpg\",\"url\":\"https:\\\/\\\/juliencoquet.com\\\/wp-content\\\/uploads\\\/2026\\\/02\\\/julien-coquet-expert-analytics-consultant.jpg\",\"contentUrl\":\"https:\\\/\\\/juliencoquet.com\\\/wp-content\\\/uploads\\\/2026\\\/02\\\/julien-coquet-expert-analytics-consultant.jpg\",\"width\":576,\"height\":576,\"caption\":\"julien\"},\"logo\":{\"@id\":\"https:\\\/\\\/juliencoquet.com\\\/wp-content\\\/uploads\\\/2026\\\/02\\\/julien-coquet-expert-analytics-consultant.jpg\"},\"sameAs\":[\"https:\\\/\\\/juliencoquet.com\"]},{\"@type\":\"Person\",\"@id\":\"\",\"url\":\"https:\\\/\\\/juliencoquet.com\\\/author\\\/\"}]}<\/script>\n<!-- \/ Yoast SEO plugin. -->","yoast_head_json":{"title":"Facebook enfin en fran\u00e7ais! - Julien Coquet","robots":{"index":"index","follow":"follow","max-snippet":"max-snippet:-1","max-image-preview":"max-image-preview:large","max-video-preview":"max-video-preview:-1"},"canonical":"https:\/\/juliencoquet.com\/fr\/2008\/03\/09\/facebook-enfin-en-francais\/","og_locale":"fr_FR","og_type":"article","og_title":"Facebook enfin en fran\u00e7ais! - Julien Coquet","og_description":"Les feignants des langues \u00e9trang\u00e8res se r\u00e9jouiront de voir Facebook traduit dans la langue de Moli\u00e8re \ud83d\ude09 Vous verrez appara\u00eetre dans vos options un onglet Languages qui vous permettront de passer au fran\u00e7ais! Merci \u00e0 Ouriel pour l&rsquo;info et le screenshot!","og_url":"https:\/\/juliencoquet.com\/fr\/2008\/03\/09\/facebook-enfin-en-francais\/","og_site_name":"Julien Coquet","article_published_time":"2008-03-09T13:40:40+00:00","twitter_card":"summary_large_image","twitter_misc":{"\u00c9crit par":""},"schema":{"@context":"https:\/\/schema.org","@graph":[{"@type":"Article","@id":"https:\/\/juliencoquet.com\/fr\/2008\/03\/09\/facebook-enfin-en-francais\/#article","isPartOf":{"@id":"https:\/\/juliencoquet.com\/fr\/2008\/03\/09\/facebook-enfin-en-francais\/"},"author":{"name":"","@id":""},"headline":"Facebook enfin en fran\u00e7ais!","datePublished":"2008-03-09T13:40:40+00:00","mainEntityOfPage":{"@id":"https:\/\/juliencoquet.com\/fr\/2008\/03\/09\/facebook-enfin-en-francais\/"},"wordCount":51,"commentCount":0,"publisher":{"@id":"https:\/\/juliencoquet.com\/#\/schema\/person\/16345764b7c7529e428e37fd635ed8ea"},"inLanguage":"fr-FR","potentialAction":[{"@type":"CommentAction","name":"Comment","target":["https:\/\/juliencoquet.com\/fr\/2008\/03\/09\/facebook-enfin-en-francais\/#respond"]}]},{"@type":"WebPage","@id":"https:\/\/juliencoquet.com\/fr\/2008\/03\/09\/facebook-enfin-en-francais\/","url":"https:\/\/juliencoquet.com\/fr\/2008\/03\/09\/facebook-enfin-en-francais\/","name":"Facebook enfin en fran\u00e7ais! - Julien Coquet","isPartOf":{"@id":"https:\/\/juliencoquet.com\/#website"},"datePublished":"2008-03-09T13:40:40+00:00","breadcrumb":{"@id":"https:\/\/juliencoquet.com\/fr\/2008\/03\/09\/facebook-enfin-en-francais\/#breadcrumb"},"inLanguage":"fr-FR","potentialAction":[{"@type":"ReadAction","target":["https:\/\/juliencoquet.com\/fr\/2008\/03\/09\/facebook-enfin-en-francais\/"]}]},{"@type":"BreadcrumbList","@id":"https:\/\/juliencoquet.com\/fr\/2008\/03\/09\/facebook-enfin-en-francais\/#breadcrumb","itemListElement":[{"@type":"ListItem","position":1,"name":"Home","item":"https:\/\/juliencoquet.com\/"},{"@type":"ListItem","position":2,"name":"Facebook enfin en fran\u00e7ais!"}]},{"@type":"WebSite","@id":"https:\/\/juliencoquet.com\/#website","url":"https:\/\/juliencoquet.com\/","name":"Julien Coquet","description":"","publisher":{"@id":"https:\/\/juliencoquet.com\/#\/schema\/person\/16345764b7c7529e428e37fd635ed8ea"},"potentialAction":[{"@type":"SearchAction","target":{"@type":"EntryPoint","urlTemplate":"https:\/\/juliencoquet.com\/?s={search_term_string}"},"query-input":{"@type":"PropertyValueSpecification","valueRequired":true,"valueName":"search_term_string"}}],"inLanguage":"fr-FR"},{"@type":["Person","Organization"],"@id":"https:\/\/juliencoquet.com\/#\/schema\/person\/16345764b7c7529e428e37fd635ed8ea","name":"julien","image":{"@type":"ImageObject","inLanguage":"fr-FR","@id":"https:\/\/juliencoquet.com\/wp-content\/uploads\/2026\/02\/julien-coquet-expert-analytics-consultant.jpg","url":"https:\/\/juliencoquet.com\/wp-content\/uploads\/2026\/02\/julien-coquet-expert-analytics-consultant.jpg","contentUrl":"https:\/\/juliencoquet.com\/wp-content\/uploads\/2026\/02\/julien-coquet-expert-analytics-consultant.jpg","width":576,"height":576,"caption":"julien"},"logo":{"@id":"https:\/\/juliencoquet.com\/wp-content\/uploads\/2026\/02\/julien-coquet-expert-analytics-consultant.jpg"},"sameAs":["https:\/\/juliencoquet.com"]},{"@type":"Person","@id":"","url":"https:\/\/juliencoquet.com\/author\/"}]}},"_links":{"self":[{"href":"https:\/\/juliencoquet.com\/wp-json\/wp\/v2\/posts\/343","targetHints":{"allow":["GET"]}}],"collection":[{"href":"https:\/\/juliencoquet.com\/wp-json\/wp\/v2\/posts"}],"about":[{"href":"https:\/\/juliencoquet.com\/wp-json\/wp\/v2\/types\/post"}],"author":[{"embeddable":true,"href":"https:\/\/juliencoquet.com\/wp-json\/wp\/v2\/users\/2"}],"replies":[{"embeddable":true,"href":"https:\/\/juliencoquet.com\/wp-json\/wp\/v2\/comments?post=343"}],"version-history":[{"count":0,"href":"https:\/\/juliencoquet.com\/wp-json\/wp\/v2\/posts\/343\/revisions"}],"wp:attachment":[{"href":"https:\/\/juliencoquet.com\/wp-json\/wp\/v2\/media?parent=343"}],"wp:term":[{"taxonomy":"category","embeddable":true,"href":"https:\/\/juliencoquet.com\/wp-json\/wp\/v2\/categories?post=343"},{"taxonomy":"post_tag","embeddable":true,"href":"https:\/\/juliencoquet.com\/wp-json\/wp\/v2\/tags?post=343"}],"curies":[{"name":"wp","href":"https:\/\/api.w.org\/{rel}","templated":true}]}}