{"id":270,"date":"2007-07-17T21:43:01","date_gmt":"2007-07-17T21:43:01","guid":{"rendered":"https:\/\/juliencoquet.wordpress.com\/2007\/07\/17\/chronique-du-voyageur\/"},"modified":"2007-07-17T21:43:01","modified_gmt":"2007-07-17T21:43:01","slug":"chronique-du-voyageur","status":"publish","type":"post","link":"https:\/\/juliencoquet.com\/fr\/2007\/07\/17\/chronique-du-voyageur\/","title":{"rendered":"Chronique du voyageur &#8211; chapitre 1"},"content":{"rendered":"<p>J\u2019essaie de prendre un peu de recul par rapport \u00e0 mes d\u00e9placements fr\u00e9quents entre Grenoble et Bruxelles.<\/p>\n<p>Il se trouve que le fait d\u2019\u00e9crire me permet d\u2019ext\u00e9rioriser ce que je ressens, ainsi que les exp\u00e9riences anthropologiques uniques de chaque voyage.<\/p>\n<p>Mes scribouilles portent sur mes passages dans le Thalys Bruxelles-Paris Gare du Nord, du transit entre Gare du Nord et Gare de Lyon et du voyage entre Paris et Grenoble. Et bien \u00e9videmment du voyage de retour \ud83d\ude09<\/p>\n<p>Premier extrait:<\/p>\n<p><strong>\u00ab Le progr\u00e8s ne vaut que s\u2019il est partag\u00e9 par tous \u00bb<\/strong><\/p>\n<p>Une maxime un tantinet d\u00e9mago qui sert de slogan \u00e0 la SNCF.  Cela aide sans doute \u00e0 expliquer la l\u00e9gion de clochards, de mendiants et autres mis\u00e9rables bourr\u00e9s \u00e0 la Kro depuis 7h du matin qui hantent les halls de gare.<\/p>\n<p>Sans faire trop de philo de comptoir,  les gares sont des points de d\u00e9part et d\u2019arriv\u00e9e d\u2019un voyage.  Parfois des points de transit. J\u2019imagine que la plupart des \u00ab r\u00e9sidents \u00bb de la gare sont \u00ab perdus \u00bb dans le sens \u00ab paum\u00e9 \u00bb mais \u00e9galement dans le sens o\u00f9 la gare est une sorte de m\u00e9taphore du voyage qu\u2019est leur vie. Arriv\u00e9s d\u2019on ne sait o\u00f9, ils errent dans un endroit qui en fin de compte leur donnerait la possibilit\u00e9 d\u2019aller o\u00f9 ils le d\u00e9sirent. Mais un billet de train \u00e7\u00e0 coute des euros\u2026<\/p>\n<p>Un son de carillon et une l\u00e9g\u00e8re voix de femme nous annonce que \u00ab <em>des pickpockets s\u00e9vissent dans l\u2019enceinte de la gare. Merci de ne pas encourager la mendicit\u00e9 et la collecte pour des associations illicites.<\/em> \u00bb Franchement, avec la pr\u00e9sence polici\u00e8re et militaire qui r\u00e8gne dans la gare, on se demande comment les pickpockets en question oseraient s\u00e9vir quand m\u00eame. Apparemment ils s\u00e9vissent bien malgr\u00e9 la pr\u00e9sence militaro-polici\u00e8re, merci pour eux.<\/p>\n","protected":false},"excerpt":{"rendered":"<p>J\u2019essaie de prendre un peu de recul par rapport \u00e0 mes d\u00e9placements fr\u00e9quents entre Grenoble et Bruxelles. Il se trouve que le fait d\u2019\u00e9crire me permet d\u2019ext\u00e9rioriser ce que je ressens, ainsi que les exp\u00e9riences anthropologiques uniques de chaque voyage. Mes scribouilles portent sur mes passages dans le Thalys Bruxelles-Paris Gare du Nord, du transit [&hellip;]<\/p>\n","protected":false},"author":2,"featured_media":0,"comment_status":"open","ping_status":"open","sticky":false,"template":"","format":"standard","meta":{"_locale":"fr_FR","_original_post":"","footnotes":""},"categories":[],"tags":[],"class_list":["post-270","post","type-post","status-publish","format-standard","hentry","fr-FR"],"yoast_head":"<!-- This site is optimized with the Yoast SEO plugin v27.5 - https:\/\/yoast.com\/product\/yoast-seo-wordpress\/ -->\n<title>Chronique du voyageur - chapitre 1 - Julien Coquet<\/title>\n<meta name=\"robots\" content=\"index, follow, max-snippet:-1, max-image-preview:large, max-video-preview:-1\" \/>\n<link rel=\"canonical\" href=\"https:\/\/juliencoquet.com\/fr\/2007\/07\/17\/chronique-du-voyageur\/\" \/>\n<meta property=\"og:locale\" content=\"fr_FR\" \/>\n<meta property=\"og:type\" content=\"article\" \/>\n<meta property=\"og:title\" content=\"Chronique du voyageur - chapitre 1 - Julien Coquet\" \/>\n<meta property=\"og:description\" content=\"J\u2019essaie de prendre un peu de recul par rapport \u00e0 mes d\u00e9placements fr\u00e9quents entre Grenoble et Bruxelles. Il se trouve que le fait d\u2019\u00e9crire me permet d\u2019ext\u00e9rioriser ce que je ressens, ainsi que les exp\u00e9riences anthropologiques uniques de chaque voyage. Mes scribouilles portent sur mes passages dans le Thalys Bruxelles-Paris Gare du Nord, du transit [&hellip;]\" \/>\n<meta property=\"og:url\" content=\"https:\/\/juliencoquet.com\/fr\/2007\/07\/17\/chronique-du-voyageur\/\" \/>\n<meta property=\"og:site_name\" content=\"Julien Coquet\" \/>\n<meta property=\"article:published_time\" content=\"2007-07-17T21:43:01+00:00\" \/>\n<meta name=\"twitter:card\" content=\"summary_large_image\" \/>\n<meta name=\"twitter:label1\" content=\"\u00c9crit par\" \/>\n\t<meta name=\"twitter:data1\" content=\"\" \/>\n\t<meta name=\"twitter:label2\" content=\"Dur\u00e9e de lecture estim\u00e9e\" \/>\n\t<meta name=\"twitter:data2\" content=\"2 minutes\" \/>\n<script type=\"application\/ld+json\" class=\"yoast-schema-graph\">{\"@context\":\"https:\\\/\\\/schema.org\",\"@graph\":[{\"@type\":\"Article\",\"@id\":\"https:\\\/\\\/juliencoquet.com\\\/fr\\\/2007\\\/07\\\/17\\\/chronique-du-voyageur\\\/#article\",\"isPartOf\":{\"@id\":\"https:\\\/\\\/juliencoquet.com\\\/fr\\\/2007\\\/07\\\/17\\\/chronique-du-voyageur\\\/\"},\"author\":{\"name\":\"\",\"@id\":\"\"},\"headline\":\"Chronique du voyageur &#8211; chapitre 1\",\"datePublished\":\"2007-07-17T21:43:01+00:00\",\"mainEntityOfPage\":{\"@id\":\"https:\\\/\\\/juliencoquet.com\\\/fr\\\/2007\\\/07\\\/17\\\/chronique-du-voyageur\\\/\"},\"wordCount\":326,\"commentCount\":0,\"publisher\":{\"@id\":\"https:\\\/\\\/juliencoquet.com\\\/#\\\/schema\\\/person\\\/16345764b7c7529e428e37fd635ed8ea\"},\"inLanguage\":\"fr-FR\",\"potentialAction\":[{\"@type\":\"CommentAction\",\"name\":\"Comment\",\"target\":[\"https:\\\/\\\/juliencoquet.com\\\/fr\\\/2007\\\/07\\\/17\\\/chronique-du-voyageur\\\/#respond\"]}]},{\"@type\":\"WebPage\",\"@id\":\"https:\\\/\\\/juliencoquet.com\\\/fr\\\/2007\\\/07\\\/17\\\/chronique-du-voyageur\\\/\",\"url\":\"https:\\\/\\\/juliencoquet.com\\\/fr\\\/2007\\\/07\\\/17\\\/chronique-du-voyageur\\\/\",\"name\":\"Chronique du voyageur - chapitre 1 - Julien Coquet\",\"isPartOf\":{\"@id\":\"https:\\\/\\\/juliencoquet.com\\\/#website\"},\"datePublished\":\"2007-07-17T21:43:01+00:00\",\"breadcrumb\":{\"@id\":\"https:\\\/\\\/juliencoquet.com\\\/fr\\\/2007\\\/07\\\/17\\\/chronique-du-voyageur\\\/#breadcrumb\"},\"inLanguage\":\"fr-FR\",\"potentialAction\":[{\"@type\":\"ReadAction\",\"target\":[\"https:\\\/\\\/juliencoquet.com\\\/fr\\\/2007\\\/07\\\/17\\\/chronique-du-voyageur\\\/\"]}]},{\"@type\":\"BreadcrumbList\",\"@id\":\"https:\\\/\\\/juliencoquet.com\\\/fr\\\/2007\\\/07\\\/17\\\/chronique-du-voyageur\\\/#breadcrumb\",\"itemListElement\":[{\"@type\":\"ListItem\",\"position\":1,\"name\":\"Home\",\"item\":\"https:\\\/\\\/juliencoquet.com\\\/\"},{\"@type\":\"ListItem\",\"position\":2,\"name\":\"Chronique du voyageur &#8211; chapitre 1\"}]},{\"@type\":\"WebSite\",\"@id\":\"https:\\\/\\\/juliencoquet.com\\\/#website\",\"url\":\"https:\\\/\\\/juliencoquet.com\\\/\",\"name\":\"Julien Coquet\",\"description\":\"\",\"publisher\":{\"@id\":\"https:\\\/\\\/juliencoquet.com\\\/#\\\/schema\\\/person\\\/16345764b7c7529e428e37fd635ed8ea\"},\"potentialAction\":[{\"@type\":\"SearchAction\",\"target\":{\"@type\":\"EntryPoint\",\"urlTemplate\":\"https:\\\/\\\/juliencoquet.com\\\/?s={search_term_string}\"},\"query-input\":{\"@type\":\"PropertyValueSpecification\",\"valueRequired\":true,\"valueName\":\"search_term_string\"}}],\"inLanguage\":\"fr-FR\"},{\"@type\":[\"Person\",\"Organization\"],\"@id\":\"https:\\\/\\\/juliencoquet.com\\\/#\\\/schema\\\/person\\\/16345764b7c7529e428e37fd635ed8ea\",\"name\":\"julien\",\"image\":{\"@type\":\"ImageObject\",\"inLanguage\":\"fr-FR\",\"@id\":\"https:\\\/\\\/juliencoquet.com\\\/wp-content\\\/uploads\\\/2026\\\/02\\\/julien-coquet-expert-analytics-consultant.jpg\",\"url\":\"https:\\\/\\\/juliencoquet.com\\\/wp-content\\\/uploads\\\/2026\\\/02\\\/julien-coquet-expert-analytics-consultant.jpg\",\"contentUrl\":\"https:\\\/\\\/juliencoquet.com\\\/wp-content\\\/uploads\\\/2026\\\/02\\\/julien-coquet-expert-analytics-consultant.jpg\",\"width\":576,\"height\":576,\"caption\":\"julien\"},\"logo\":{\"@id\":\"https:\\\/\\\/juliencoquet.com\\\/wp-content\\\/uploads\\\/2026\\\/02\\\/julien-coquet-expert-analytics-consultant.jpg\"},\"sameAs\":[\"https:\\\/\\\/juliencoquet.com\"]},{\"@type\":\"Person\",\"@id\":\"\",\"url\":\"https:\\\/\\\/juliencoquet.com\\\/author\\\/\"}]}<\/script>\n<!-- \/ Yoast SEO plugin. -->","yoast_head_json":{"title":"Chronique du voyageur - chapitre 1 - Julien Coquet","robots":{"index":"index","follow":"follow","max-snippet":"max-snippet:-1","max-image-preview":"max-image-preview:large","max-video-preview":"max-video-preview:-1"},"canonical":"https:\/\/juliencoquet.com\/fr\/2007\/07\/17\/chronique-du-voyageur\/","og_locale":"fr_FR","og_type":"article","og_title":"Chronique du voyageur - chapitre 1 - Julien Coquet","og_description":"J\u2019essaie de prendre un peu de recul par rapport \u00e0 mes d\u00e9placements fr\u00e9quents entre Grenoble et Bruxelles. Il se trouve que le fait d\u2019\u00e9crire me permet d\u2019ext\u00e9rioriser ce que je ressens, ainsi que les exp\u00e9riences anthropologiques uniques de chaque voyage. Mes scribouilles portent sur mes passages dans le Thalys Bruxelles-Paris Gare du Nord, du transit [&hellip;]","og_url":"https:\/\/juliencoquet.com\/fr\/2007\/07\/17\/chronique-du-voyageur\/","og_site_name":"Julien Coquet","article_published_time":"2007-07-17T21:43:01+00:00","twitter_card":"summary_large_image","twitter_misc":{"\u00c9crit par":"","Dur\u00e9e de lecture estim\u00e9e":"2 minutes"},"schema":{"@context":"https:\/\/schema.org","@graph":[{"@type":"Article","@id":"https:\/\/juliencoquet.com\/fr\/2007\/07\/17\/chronique-du-voyageur\/#article","isPartOf":{"@id":"https:\/\/juliencoquet.com\/fr\/2007\/07\/17\/chronique-du-voyageur\/"},"author":{"name":"","@id":""},"headline":"Chronique du voyageur &#8211; chapitre 1","datePublished":"2007-07-17T21:43:01+00:00","mainEntityOfPage":{"@id":"https:\/\/juliencoquet.com\/fr\/2007\/07\/17\/chronique-du-voyageur\/"},"wordCount":326,"commentCount":0,"publisher":{"@id":"https:\/\/juliencoquet.com\/#\/schema\/person\/16345764b7c7529e428e37fd635ed8ea"},"inLanguage":"fr-FR","potentialAction":[{"@type":"CommentAction","name":"Comment","target":["https:\/\/juliencoquet.com\/fr\/2007\/07\/17\/chronique-du-voyageur\/#respond"]}]},{"@type":"WebPage","@id":"https:\/\/juliencoquet.com\/fr\/2007\/07\/17\/chronique-du-voyageur\/","url":"https:\/\/juliencoquet.com\/fr\/2007\/07\/17\/chronique-du-voyageur\/","name":"Chronique du voyageur - chapitre 1 - Julien Coquet","isPartOf":{"@id":"https:\/\/juliencoquet.com\/#website"},"datePublished":"2007-07-17T21:43:01+00:00","breadcrumb":{"@id":"https:\/\/juliencoquet.com\/fr\/2007\/07\/17\/chronique-du-voyageur\/#breadcrumb"},"inLanguage":"fr-FR","potentialAction":[{"@type":"ReadAction","target":["https:\/\/juliencoquet.com\/fr\/2007\/07\/17\/chronique-du-voyageur\/"]}]},{"@type":"BreadcrumbList","@id":"https:\/\/juliencoquet.com\/fr\/2007\/07\/17\/chronique-du-voyageur\/#breadcrumb","itemListElement":[{"@type":"ListItem","position":1,"name":"Home","item":"https:\/\/juliencoquet.com\/"},{"@type":"ListItem","position":2,"name":"Chronique du voyageur &#8211; chapitre 1"}]},{"@type":"WebSite","@id":"https:\/\/juliencoquet.com\/#website","url":"https:\/\/juliencoquet.com\/","name":"Julien Coquet","description":"","publisher":{"@id":"https:\/\/juliencoquet.com\/#\/schema\/person\/16345764b7c7529e428e37fd635ed8ea"},"potentialAction":[{"@type":"SearchAction","target":{"@type":"EntryPoint","urlTemplate":"https:\/\/juliencoquet.com\/?s={search_term_string}"},"query-input":{"@type":"PropertyValueSpecification","valueRequired":true,"valueName":"search_term_string"}}],"inLanguage":"fr-FR"},{"@type":["Person","Organization"],"@id":"https:\/\/juliencoquet.com\/#\/schema\/person\/16345764b7c7529e428e37fd635ed8ea","name":"julien","image":{"@type":"ImageObject","inLanguage":"fr-FR","@id":"https:\/\/juliencoquet.com\/wp-content\/uploads\/2026\/02\/julien-coquet-expert-analytics-consultant.jpg","url":"https:\/\/juliencoquet.com\/wp-content\/uploads\/2026\/02\/julien-coquet-expert-analytics-consultant.jpg","contentUrl":"https:\/\/juliencoquet.com\/wp-content\/uploads\/2026\/02\/julien-coquet-expert-analytics-consultant.jpg","width":576,"height":576,"caption":"julien"},"logo":{"@id":"https:\/\/juliencoquet.com\/wp-content\/uploads\/2026\/02\/julien-coquet-expert-analytics-consultant.jpg"},"sameAs":["https:\/\/juliencoquet.com"]},{"@type":"Person","@id":"","url":"https:\/\/juliencoquet.com\/author\/"}]}},"_links":{"self":[{"href":"https:\/\/juliencoquet.com\/wp-json\/wp\/v2\/posts\/270","targetHints":{"allow":["GET"]}}],"collection":[{"href":"https:\/\/juliencoquet.com\/wp-json\/wp\/v2\/posts"}],"about":[{"href":"https:\/\/juliencoquet.com\/wp-json\/wp\/v2\/types\/post"}],"author":[{"embeddable":true,"href":"https:\/\/juliencoquet.com\/wp-json\/wp\/v2\/users\/2"}],"replies":[{"embeddable":true,"href":"https:\/\/juliencoquet.com\/wp-json\/wp\/v2\/comments?post=270"}],"version-history":[{"count":0,"href":"https:\/\/juliencoquet.com\/wp-json\/wp\/v2\/posts\/270\/revisions"}],"wp:attachment":[{"href":"https:\/\/juliencoquet.com\/wp-json\/wp\/v2\/media?parent=270"}],"wp:term":[{"taxonomy":"category","embeddable":true,"href":"https:\/\/juliencoquet.com\/wp-json\/wp\/v2\/categories?post=270"},{"taxonomy":"post_tag","embeddable":true,"href":"https:\/\/juliencoquet.com\/wp-json\/wp\/v2\/tags?post=270"}],"curies":[{"name":"wp","href":"https:\/\/api.w.org\/{rel}","templated":true}]}}